{"id":11,"name":"Karolina Kosno","url":"","description":"Przez 5 lat dopieszcza\u0142a szalone pomys\u0142y i dba\u0142a o pozytywn\u0105 energi\u0119 Coffeedesk jako PR Manager; koordynowa\u0142a komunikacj\u0119 Speciality Coffee Association Poland; wsp\u00f3\u0142organizowa\u0142a Mistrzostwa Polski i wspiera\u0142a Team Poland w walce o \u015bwiatowe tytu\u0142y. Obecnie co-owner Heresy Coffee i prezeska Fundacji All Good.","link":"https:\/\/www.coffeedesk.com\/blog\/author\/karolina\/","slug":"karolina","avatar_urls":{"24":"https:\/\/www.coffeedesk.com\/blog\/wp-content\/uploads\/2018\/09\/KK_male-80x80.jpeg","48":"https:\/\/www.coffeedesk.com\/blog\/wp-content\/uploads\/2018\/09\/KK_male-80x80.jpeg","96":"https:\/\/www.coffeedesk.com\/blog\/wp-content\/uploads\/2018\/09\/KK_male-320x319.jpeg"},"meta":[],"acf":[],"yoast_head":"<!-- This site is optimized with the Yoast SEO plugin v27.4 - https:\/\/yoast.com\/product\/yoast-seo-wordpress\/ -->\n<title>Karolina Kosno<\/title>\n<meta name=\"description\" content=\"Przez 5 lat dopieszcza\u0142a szalone pomys\u0142y i dba\u0142a o pozytywn\u0105 energi\u0119 Coffeedesk jako PR Manager; koordynowa\u0142a komunikacj\u0119 Speciality Coffee Association Poland; wsp\u00f3\u0142organizowa\u0142a Mistrzostwa Polski i wspiera\u0142a Team Poland w walce o \u015bwiatowe tytu\u0142y. Obecnie co-owner Heresy Coffee i prezeska Fundacji All Good.\" \/>\n<meta name=\"robots\" content=\"index, follow, max-snippet:-1, max-image-preview:large, max-video-preview:-1\" \/>\n<link rel=\"canonical\" href=\"https:\/\/www.coffeedesk.com\/blog\/author\/karolina\/\" \/>\n<meta property=\"og:locale\" content=\"en_US\" \/>\n<meta property=\"og:type\" content=\"profile\" \/>\n<meta property=\"og:title\" content=\"Karolina Kosno\" \/>\n<meta property=\"og:description\" content=\"Przez 5 lat dopieszcza\u0142a szalone pomys\u0142y i dba\u0142a o pozytywn\u0105 energi\u0119 Coffeedesk jako PR Manager; koordynowa\u0142a komunikacj\u0119 Speciality Coffee Association Poland; wsp\u00f3\u0142organizowa\u0142a Mistrzostwa Polski i wspiera\u0142a Team Poland w walce o \u015bwiatowe tytu\u0142y. Obecnie co-owner Heresy Coffee i prezeska Fundacji All Good.\" \/>\n<meta property=\"og:url\" content=\"https:\/\/www.coffeedesk.pl\/blog\/author\/karolina\/\" \/>\n<meta property=\"og:site_name\" content=\"Blog Coffeedesk.pl\" \/>\n<meta property=\"og:image\" content=\"https:\/\/www.coffeedesk.pl\/blog\/wp-content\/uploads\/2018\/09\/KK_male-560x559.jpeg\" \/>\n<meta name=\"twitter:card\" content=\"summary_large_image\" \/>\n<script type=\"application\/ld+json\" class=\"yoast-schema-graph\">{\"@context\":\"https:\\\/\\\/schema.org\",\"@graph\":[{\"@type\":\"ProfilePage\",\"@id\":\"https:\\\/\\\/www.coffeedesk.pl\\\/blog\\\/author\\\/karolina\\\/\",\"url\":\"https:\\\/\\\/www.coffeedesk.pl\\\/blog\\\/author\\\/karolina\\\/\",\"name\":\"Karolina Kosno\",\"isPartOf\":{\"@id\":\"https:\\\/\\\/www.coffeedesk.com\\\/blog\\\/#website\"},\"description\":\"Przez 5 lat dopieszcza\u0142a szalone pomys\u0142y i dba\u0142a o pozytywn\u0105 energi\u0119 Coffeedesk jako PR Manager; koordynowa\u0142a komunikacj\u0119 Speciality Coffee Association Poland; wsp\u00f3\u0142organizowa\u0142a Mistrzostwa Polski i wspiera\u0142a Team Poland w walce o \u015bwiatowe tytu\u0142y. Obecnie co-owner Heresy Coffee i prezeska Fundacji All Good.\",\"breadcrumb\":{\"@id\":\"https:\\\/\\\/www.coffeedesk.pl\\\/blog\\\/author\\\/karolina\\\/#breadcrumb\"},\"inLanguage\":\"en-US\",\"potentialAction\":[{\"@type\":\"ReadAction\",\"target\":[\"https:\\\/\\\/www.coffeedesk.pl\\\/blog\\\/author\\\/karolina\\\/\"]}]},{\"@type\":\"BreadcrumbList\",\"@id\":\"https:\\\/\\\/www.coffeedesk.pl\\\/blog\\\/author\\\/karolina\\\/#breadcrumb\",\"itemListElement\":[{\"@type\":\"ListItem\",\"position\":1,\"name\":\"Strona g\u0142\u00f3wna\",\"item\":\"https:\\\/\\\/www.coffeedesk.com\\\/blog\\\/\"},{\"@type\":\"ListItem\",\"position\":2,\"name\":\"Archiwum dla Karolina Kosno\"}]},{\"@type\":\"WebSite\",\"@id\":\"https:\\\/\\\/www.coffeedesk.com\\\/blog\\\/#website\",\"url\":\"https:\\\/\\\/www.coffeedesk.com\\\/blog\\\/\",\"name\":\"Blog Coffeedesk.pl\",\"description\":\"\",\"publisher\":{\"@id\":\"https:\\\/\\\/www.coffeedesk.com\\\/blog\\\/#organization\"},\"potentialAction\":[{\"@type\":\"SearchAction\",\"target\":{\"@type\":\"EntryPoint\",\"urlTemplate\":\"https:\\\/\\\/www.coffeedesk.com\\\/blog\\\/?s={search_term_string}\"},\"query-input\":{\"@type\":\"PropertyValueSpecification\",\"valueRequired\":true,\"valueName\":\"search_term_string\"}}],\"inLanguage\":\"en-US\"},{\"@type\":\"Organization\",\"@id\":\"https:\\\/\\\/www.coffeedesk.com\\\/blog\\\/#organization\",\"name\":\"Coffeedesk.pl\",\"url\":\"https:\\\/\\\/www.coffeedesk.com\\\/blog\\\/\",\"logo\":{\"@type\":\"ImageObject\",\"inLanguage\":\"en-US\",\"@id\":\"https:\\\/\\\/www.coffeedesk.com\\\/blog\\\/#\\\/schema\\\/logo\\\/image\\\/\",\"url\":\"https:\\\/\\\/www.coffeedesk.com\\\/blog\\\/wp-content\\\/uploads\\\/2019\\\/10\\\/logo_color.png\",\"contentUrl\":\"https:\\\/\\\/www.coffeedesk.com\\\/blog\\\/wp-content\\\/uploads\\\/2019\\\/10\\\/logo_color.png\",\"width\":246,\"height\":50,\"caption\":\"Coffeedesk.pl\"},\"image\":{\"@id\":\"https:\\\/\\\/www.coffeedesk.com\\\/blog\\\/#\\\/schema\\\/logo\\\/image\\\/\"}},{\"@type\":\"Person\",\"@id\":\"https:\\\/\\\/www.coffeedesk.com\\\/blog\\\/#\\\/schema\\\/person\\\/b49ee418ba420916ca6d0d0a70bdd9c0\",\"name\":\"Karolina Kosno\",\"image\":{\"@type\":\"ImageObject\",\"inLanguage\":\"en-US\",\"@id\":\"https:\\\/\\\/www.coffeedesk.com\\\/blog\\\/wp-content\\\/uploads\\\/2018\\\/09\\\/KK_male-320x319.jpeg\",\"url\":\"https:\\\/\\\/www.coffeedesk.com\\\/blog\\\/wp-content\\\/uploads\\\/2018\\\/09\\\/KK_male-320x319.jpeg\",\"contentUrl\":\"https:\\\/\\\/www.coffeedesk.com\\\/blog\\\/wp-content\\\/uploads\\\/2018\\\/09\\\/KK_male-320x319.jpeg\",\"caption\":\"Karolina Kosno\"},\"description\":\"Przez 5 lat dopieszcza\u0142a szalone pomys\u0142y i dba\u0142a o pozytywn\u0105 energi\u0119 Coffeedesk jako PR Manager; koordynowa\u0142a komunikacj\u0119 Speciality Coffee Association Poland; wsp\u00f3\u0142organizowa\u0142a Mistrzostwa Polski i wspiera\u0142a Team Poland w walce o \u015bwiatowe tytu\u0142y. Obecnie co-owner Heresy Coffee i prezeska Fundacji All Good.\",\"sameAs\":[\"https:\\\/\\\/x.com\\\/@kosnokarolina\"],\"mainEntityOfPage\":{\"@id\":\"https:\\\/\\\/www.coffeedesk.pl\\\/blog\\\/author\\\/karolina\\\/\"}}]}<\/script>\n<!-- \/ Yoast SEO plugin. -->","yoast_head_json":{"title":"Karolina Kosno","description":"Przez 5 lat dopieszcza\u0142a szalone pomys\u0142y i dba\u0142a o pozytywn\u0105 energi\u0119 Coffeedesk jako PR Manager; koordynowa\u0142a komunikacj\u0119 Speciality Coffee Association Poland; wsp\u00f3\u0142organizowa\u0142a Mistrzostwa Polski i wspiera\u0142a Team Poland w walce o \u015bwiatowe tytu\u0142y. Obecnie co-owner Heresy Coffee i prezeska Fundacji All Good.","robots":{"index":"index","follow":"follow","max-snippet":"max-snippet:-1","max-image-preview":"max-image-preview:large","max-video-preview":"max-video-preview:-1"},"canonical":"https:\/\/www.coffeedesk.com\/blog\/author\/karolina\/","og_locale":"en_US","og_type":"profile","og_title":"Karolina Kosno","og_description":"Przez 5 lat dopieszcza\u0142a szalone pomys\u0142y i dba\u0142a o pozytywn\u0105 energi\u0119 Coffeedesk jako PR Manager; koordynowa\u0142a komunikacj\u0119 Speciality Coffee Association Poland; wsp\u00f3\u0142organizowa\u0142a Mistrzostwa Polski i wspiera\u0142a Team Poland w walce o \u015bwiatowe tytu\u0142y. Obecnie co-owner Heresy Coffee i prezeska Fundacji All Good.","og_url":"https:\/\/www.coffeedesk.pl\/blog\/author\/karolina\/","og_site_name":"Blog Coffeedesk.pl","og_image":[{"url":"https:\/\/www.coffeedesk.pl\/blog\/wp-content\/uploads\/2018\/09\/KK_male-560x559.jpeg","type":"","width":"","height":""}],"twitter_card":"summary_large_image","schema":{"@context":"https:\/\/schema.org","@graph":[{"@type":"ProfilePage","@id":"https:\/\/www.coffeedesk.pl\/blog\/author\/karolina\/","url":"https:\/\/www.coffeedesk.pl\/blog\/author\/karolina\/","name":"Karolina Kosno","isPartOf":{"@id":"https:\/\/www.coffeedesk.com\/blog\/#website"},"description":"Przez 5 lat dopieszcza\u0142a szalone pomys\u0142y i dba\u0142a o pozytywn\u0105 energi\u0119 Coffeedesk jako PR Manager; koordynowa\u0142a komunikacj\u0119 Speciality Coffee Association Poland; wsp\u00f3\u0142organizowa\u0142a Mistrzostwa Polski i wspiera\u0142a Team Poland w walce o \u015bwiatowe tytu\u0142y. Obecnie co-owner Heresy Coffee i prezeska Fundacji All Good.","breadcrumb":{"@id":"https:\/\/www.coffeedesk.pl\/blog\/author\/karolina\/#breadcrumb"},"inLanguage":"en-US","potentialAction":[{"@type":"ReadAction","target":["https:\/\/www.coffeedesk.pl\/blog\/author\/karolina\/"]}]},{"@type":"BreadcrumbList","@id":"https:\/\/www.coffeedesk.pl\/blog\/author\/karolina\/#breadcrumb","itemListElement":[{"@type":"ListItem","position":1,"name":"Strona g\u0142\u00f3wna","item":"https:\/\/www.coffeedesk.com\/blog\/"},{"@type":"ListItem","position":2,"name":"Archiwum dla Karolina Kosno"}]},{"@type":"WebSite","@id":"https:\/\/www.coffeedesk.com\/blog\/#website","url":"https:\/\/www.coffeedesk.com\/blog\/","name":"Blog Coffeedesk.pl","description":"","publisher":{"@id":"https:\/\/www.coffeedesk.com\/blog\/#organization"},"potentialAction":[{"@type":"SearchAction","target":{"@type":"EntryPoint","urlTemplate":"https:\/\/www.coffeedesk.com\/blog\/?s={search_term_string}"},"query-input":{"@type":"PropertyValueSpecification","valueRequired":true,"valueName":"search_term_string"}}],"inLanguage":"en-US"},{"@type":"Organization","@id":"https:\/\/www.coffeedesk.com\/blog\/#organization","name":"Coffeedesk.pl","url":"https:\/\/www.coffeedesk.com\/blog\/","logo":{"@type":"ImageObject","inLanguage":"en-US","@id":"https:\/\/www.coffeedesk.com\/blog\/#\/schema\/logo\/image\/","url":"https:\/\/www.coffeedesk.com\/blog\/wp-content\/uploads\/2019\/10\/logo_color.png","contentUrl":"https:\/\/www.coffeedesk.com\/blog\/wp-content\/uploads\/2019\/10\/logo_color.png","width":246,"height":50,"caption":"Coffeedesk.pl"},"image":{"@id":"https:\/\/www.coffeedesk.com\/blog\/#\/schema\/logo\/image\/"}},{"@type":"Person","@id":"https:\/\/www.coffeedesk.com\/blog\/#\/schema\/person\/b49ee418ba420916ca6d0d0a70bdd9c0","name":"Karolina Kosno","image":{"@type":"ImageObject","inLanguage":"en-US","@id":"https:\/\/www.coffeedesk.com\/blog\/wp-content\/uploads\/2018\/09\/KK_male-320x319.jpeg","url":"https:\/\/www.coffeedesk.com\/blog\/wp-content\/uploads\/2018\/09\/KK_male-320x319.jpeg","contentUrl":"https:\/\/www.coffeedesk.com\/blog\/wp-content\/uploads\/2018\/09\/KK_male-320x319.jpeg","caption":"Karolina Kosno"},"description":"Przez 5 lat dopieszcza\u0142a szalone pomys\u0142y i dba\u0142a o pozytywn\u0105 energi\u0119 Coffeedesk jako PR Manager; koordynowa\u0142a komunikacj\u0119 Speciality Coffee Association Poland; wsp\u00f3\u0142organizowa\u0142a Mistrzostwa Polski i wspiera\u0142a Team Poland w walce o \u015bwiatowe tytu\u0142y. Obecnie co-owner Heresy Coffee i prezeska Fundacji All Good.","sameAs":["https:\/\/x.com\/@kosnokarolina"],"mainEntityOfPage":{"@id":"https:\/\/www.coffeedesk.pl\/blog\/author\/karolina\/"}}]}},"_links":{"self":[{"href":"https:\/\/www.coffeedesk.com\/blog\/wp-json\/wp\/v2\/users\/11","targetHints":{"allow":["GET"]}}],"collection":[{"href":"https:\/\/www.coffeedesk.com\/blog\/wp-json\/wp\/v2\/users"}]}}